{"id":178,"date":"2021-06-01T15:39:51","date_gmt":"2021-06-01T15:39:51","guid":{"rendered":"https:\/\/www.autosvalls.com\/it\/2021\/06\/01\/5-calette-nel-sud-di-minorca-da-non-perdere\/"},"modified":"2022-01-08T14:48:08","modified_gmt":"2022-01-08T14:48:08","slug":"5-calette-nel-sud-di-minorca-da-non-perdere","status":"publish","type":"post","link":"https:\/\/www.autosvalls.com\/it\/5-calette-nel-sud-di-minorca-da-non-perdere\/","title":{"rendered":"5 calette nel sud di Minorca da non perdere"},"content":{"rendered":"<div class=\"wpb-content-wrapper\"><p>[vc_row][vc_column][vc_single_image image=&#8221;404&#8243; img_size=&#8221;large&#8221;][\/vc_column][\/vc_row][vc_row css=&#8221;.vc_custom_1620898381740{margin-top: 32px !important;}&#8221;][vc_column][vc_column_text el_class=&#8221;justify&#8221;]<\/p>\r\n<h2>5 insenature a sud di Minorca<\/h2>\r\n<p>Una delle principali attrazioni di Minorca sono<strong> le sue spiagge, con acque cristalline e i migliori paesaggi<\/strong> per godersi quest&#8217;isola con tutti i sensi. E tra le spiagge spiccano le calette: luoghi isolati, incontaminati e piccoli che diventano veri e propri paradisi.<br \/>\r\nGrazie alla sua posizione, per accedere a molte delle calette di Minorca avrete bisogno di una macchina e poi fare una passeggiata che vi regaler\u00e0 sicuramente delle bellissime cartoline dell&#8217;isola. Da<strong> Autos Valls<\/strong> , vogliamo che il tuo viaggio a Minorca sia unico ed \u00e8 per questo che ti diciamo cosa sono<strong> le nostre 5 calette preferite nel sud di Minorca<\/strong> che dovresti sapere alla tua prossima visita. Esploriamo![\/vc_column_text][\/vc_column][\/vc_row][vc_row equal_height=&#8221;yes&#8221; content_placement=&#8221;middle&#8221; css=&#8221;.vc_custom_1620901935252{margin-top: 32px !important;}&#8221;][vc_column width=&#8221;1\/2&#8243;][vc_single_image image=&#8221;401&#8243; img_size=&#8221;medium&#8221; alignment=&#8221;center&#8221; style=&#8221;vc_box_shadow_3d&#8221; onclick=&#8221;zoom&#8221; css=&#8221;.vc_custom_1641640762730{margin-bottom: 0px !important;}&#8221;][\/vc_column][vc_column width=&#8221;1\/2&#8243;][vc_column_text el_class=&#8221;justify&#8221;]<\/p>\r\n<h3>Cala Galdana una delle pi\u00f9 famose<\/h3>\r\n<p>Una delle baie<strong> pi\u00f9 conosciuti ed estesi dell&#8217;isola<\/strong> , il che lo rende anche piuttosto turistico. Ha una forma a conchiglia ed \u00e8 circondato da scogliere che lo proteggono e creano un paesaggio spettacolare.<br \/>\r\nA Cala Galdana troverai pi\u00f9 servizi che in altre calette a causa delle sue dimensioni ed essendo pi\u00f9 urbanizzata. C&#8217;\u00e8 parcheggio e servizi come chioschi, negozi, lettini e bar sulla spiaggia, e anche una vasta gamma di sport acquatici motorizzati. Inoltre, i suoi bassi fondali e la vicinanza a complessi turistici ne fanno una caletta dall&#8217;atmosfera familiare, ideale per divertirsi con i pi\u00f9 piccoli.<\/p>\r\n<p class=\"text-right\"><strong><a href=\"https:\/\/www.google.com\/maps\/place\/07750+Cala+Galdana,+Islas+Baleares\/@39.9369621,3.9583219,679m\/data=!3m1!1e3!4m5!3m4!1s0x12be1dbe9c9024b7:0xa02af717f579e40!8m2!3d39.9374436!4d3.9629745\" target=\"_blank\" rel=\"noopener\">Vedi la mappa satellitare qui<\/a><\/strong><\/p>\r\n<p>[\/vc_column_text][\/vc_column][\/vc_row][vc_row equal_height=&#8221;yes&#8221; content_placement=&#8221;middle&#8221; css=&#8221;.vc_custom_1620901953502{margin-top: 32px !important;}&#8221;][vc_column width=&#8221;2\/3&#8243;][vc_column_text el_class=&#8221;justify&#8221;]<\/p>\r\n<h3 class=\"mt-0\">Cala Mitjana una baia vergine e accessibile<\/h3>\r\n<p>A soli 15 minuti a piedi da Cala Galdana si trova Cala Mitjana,<strong> una delle baie pi\u00f9 famose del sud di Minorca<\/strong> . \u00c8 una piccola insenatura incontaminata con acque turchesi e un paesaggio naturale che unisce il verde dei pini con la sabbia bianca.<br \/>\r\nPer la sua posizione \u00e8 una caletta molto facile da raggiungere, sia in auto che a piedi dalle altre calette vicine. Da un lato sta<strong> Cala Mitjaneta<\/strong> , di dimensioni pi\u00f9 piccole ma ugualmente affascinante, a 5 minuti a piedi.<\/p>\r\n<p><strong><a href=\"https:\/\/www.google.com\/maps\/place\/Cala+Mitjana\/@39.9335255,3.9721184,852m\/data=!3m1!1e3!4m5!3m4!1s0x12be1dea0b05b2b7:0x3de41774a0179a7c!8m2!3d39.93376!4d3.9713948\" target=\"_blank\" rel=\"noopener\">Vedi la mappa satellitare qui<\/a><\/strong>[\/vc_column_text][\/vc_column][vc_column width=&#8221;1\/3&#8243;][vc_single_image image=&#8221;402&#8243; img_size=&#8221;large&#8221; alignment=&#8221;center&#8221; style=&#8221;vc_box_shadow_3d&#8221; onclick=&#8221;link_image&#8221; css=&#8221;.vc_custom_1641640769987{margin-bottom: 0px !important;}&#8221;][\/vc_column][\/vc_row][vc_row css=&#8221;.vc_custom_1620899552534{margin-top: 32px !important;margin-bottom: 32px !important;}&#8221;][vc_column css=&#8221;.vc_custom_1622561732809{padding-right: 0px !important;padding-left: 0px !important;}&#8221;]<div id=\"search628465\"><form id=\"formElem\" name=\"formElem\" action=\"\" method=\"post\" class=\"limit_width px-5\">\r\n\t<div class=\"search_form_row step1 inline_form pr-bg px-8 pt-8 mt-8 pb-5 big_border_radius\" id=\"search_form_jd\">\r\n\t\t<div class=\"row\">\r\n\t\t\t<div class=\"col-xs-12 col-sm-6\">\r\n\t\t\t\t<div class=\"row search-details-jd\">\r\n\t\t\t\t\t<div class=\"col-xs-12 col-lg-6\">\r\n\t\t\t\t\t\t<div class=\"form-group\">\r\n\t\t\t\t\t\t\t<i class=\"fa fa-map-marker-alt absolute mt-4 secondary_color\"><\/i>\r\n\t\t\t\t\t\t\t<select name=\"pickup_location_id\" class=\"form-control pickup-location form_title\" id=\"pickup_location_id\">\r\n\t\t\t\t\t\t\t\t<option value=\"0\">Selezionare<\/option><option value=\"79\">Aeroporto di Minorca - Curniola, 32<\/option><option value=\"96\">Arenal den Castell - Via dei Negozi Coves Noves<\/option><option value=\"80\">Binibeca - Via Commerciale Locale 1<\/option><option value=\"83\">Cala Galdana - C.Comercial Serpentona.<\/option><option value=\"101\">Calan Bosch - C. comercial Calan Bosch<\/option><option value=\"81\">Grupotel Mar De Menorca - C. comercial Mar de Menorca<\/option><option value=\"85\">Hotel Cala Galdana<\/option><option value=\"88\">Mahon Centro - Plaza Espa\u00f1a, 13<\/option><option value=\"90\">Playas de Fornells - C. comercial, Local 4.<\/option><option value=\"91\">Porto Mahon - Moll de Ponent 23<\/option><option value=\"92\">Punta Prima - Carrer Mestral n\u00ba 3<\/option><option value=\"93\">Son Bou - Milanos Ping\u00fcinos - Royal Son Bou - C. Comercial Son Bou<\/option><option value=\"94\">Son Bou - San Jaime - Torre Soli - C. Comercial San Jaime<\/option><option value=\"95\">Son Parc - Vial del Arenal 3<\/option>\t\t\t\t\t\t\t<\/select>\r\n\t\t\t\t\t\t\t<label for=\"pickup_location_id\" class=\"filled\">\r\n\t\t\t\t\t\t\t\tLuogo di ritiro\t\t\t\t\t\t\t<\/label>\r\n\t\t\t\t\t\t<\/div>\r\n\t\t\t\t\t<\/div>\r\n\t\t\t\t\t<div class=\"col-xs-12 col-md-6 col-lg-3\">\r\n\t\t\t\t\t\t<div class=\"form-group\">\r\n\t\t\t\t\t\t\t<i class=\"fa fa-calendar absolute mt-4 secondary_color\"><\/i>\r\n\t\t\t\t\t\t\t<input type=\"text\" name=\"pickup_date\" id=\"pickup_date\" required\r\n\t\t\t\t\t\t\t\t   value=\"30\/04\/2026\"\r\n\t\t\t\t\t\t\t\t   placeholder=\"\"\r\n\t\t\t\t\t\t\t\t   class=\"pickup-date form_title ml-1 no_translate\"\r\n\t\t\t\t\t\t\t\t   readonly=\"readonly\" AUTOCOMPLETE=\"off\"\/>\r\n\t\t\t\t\t\t\t<label for=\"pickup_date\" class=\"filled\">\r\n\t\t\t\t\t\t\t\tData\t\t\t\t\t\t\t<\/label>\r\n\t\t\t\t\t\t<\/div>\r\n\t\t\t\t\t<\/div>\r\n\t\t\t\t\t<div class=\"col-xs-12 col-md-6 col-lg-3\">\r\n\t\t\t\t\t\t<div class=\"form-group\">\r\n\t\t\t\t\t\t\t<i class=\"fa fa-clock-o absolute mt-4 secondary_color\"><\/i>\r\n\t\t\t\t\t\t\t<select name=\"pickup_time\" class=\"form-control pickup-time form_title\" id=\"pickup_time\">\r\n\t\t\t\t\t\t\t\t<option value=\"00:00:00\">00:00<\/option><option value=\"00:30:00\">00:30<\/option><option value=\"01:00:00\">01:00<\/option><option value=\"01:30:00\">01:30<\/option><option value=\"02:00:00\">02:00<\/option><option value=\"02:30:00\">02:30<\/option><option value=\"03:00:00\">03:00<\/option><option value=\"03:30:00\">03:30<\/option><option value=\"04:00:00\">04:00<\/option><option value=\"04:30:00\">04:30<\/option><option value=\"05:00:00\">05:00<\/option><option value=\"05:30:00\">05:30<\/option><option value=\"06:00:00\">06:00<\/option><option value=\"06:30:00\">06:30<\/option><option value=\"07:00:00\">07:00<\/option><option value=\"07:30:00\">07:30<\/option><option value=\"08:00:00\">08:00<\/option><option value=\"08:30:00\">08:30<\/option><option value=\"09:00:00\">09:00<\/option><option value=\"09:30:00\">09:30<\/option><option value=\"10:00:00\" selected=\"selected\">10:00<\/option><option value=\"10:30:00\">10:30<\/option><option value=\"11:00:00\">11:00<\/option><option value=\"11:30:00\">11:30<\/option><option value=\"12:00:00\">12:00<\/option><option value=\"12:30:00\">12:30<\/option><option value=\"13:00:00\">13:00<\/option><option value=\"13:30:00\">13:30<\/option><option value=\"14:00:00\">14:00<\/option><option value=\"14:30:00\">14:30<\/option><option value=\"15:00:00\">15:00<\/option><option value=\"15:30:00\">15:30<\/option><option value=\"16:00:00\">16:00<\/option><option value=\"16:30:00\">16:30<\/option><option value=\"17:00:00\">17:00<\/option><option value=\"17:30:00\">17:30<\/option><option value=\"18:00:00\">18:00<\/option><option value=\"18:30:00\">18:30<\/option><option value=\"19:00:00\">19:00<\/option><option value=\"19:30:00\">19:30<\/option><option value=\"20:00:00\">20:00<\/option><option value=\"20:30:00\">20:30<\/option><option value=\"21:00:00\">21:00<\/option><option value=\"21:30:00\">21:30<\/option><option value=\"22:00:00\">22:00<\/option><option value=\"22:30:00\">22:30<\/option><option value=\"23:00:00\">23:00<\/option><option value=\"23:30:00\">23:30<\/option>\t\t\t\t\t\t\t<\/select>\r\n\t\t\t\t\t\t\t<label for=\"pickup_time\" class=\"filled\">\r\n\t\t\t\t\t\t\t\tOra\t\t\t\t\t\t\t<\/label>\r\n\t\t\t\t\t\t<\/div>\r\n\t\t\t\t\t<\/div>\r\n\t\t\t\t<\/div>\r\n\t\t\t<\/div>\r\n\t\t\t<div class=\"col-xs-12 col-sm-6\">\r\n\t\t\t\t<div class=\"row search-details-jd\">\r\n\t\t\t\t\t<div class=\"col-xs-12 col-lg-6\">\r\n\t\t\t\t\t\t<div class=\"form-group\">\r\n\t\t\t\t\t\t\t<i class=\"fa fa-map-marker-alt absolute mt-4 secondary_color\"><\/i>\r\n\t\t\t\t\t\t\t<select name=\"return_location_id\" class=\"form-control return-location form_title\" id=\"return_location_id\">\r\n\t\t\t\t\t\t\t\t<option value=\"0\">Selezionare<\/option><option value=\"79\">Aeroporto di Minorca - Curniola, 32<\/option><option value=\"96\">Arenal den Castell - Via dei Negozi Coves Noves<\/option><option value=\"80\">Binibeca - Via Commerciale Locale 1<\/option><option value=\"83\">Cala Galdana - C.Comercial Serpentona.<\/option><option value=\"101\">Calan Bosch - C. comercial Calan Bosch<\/option><option value=\"81\">Grupotel Mar De Menorca - C. comercial Mar de Menorca<\/option><option value=\"85\">Hotel Cala Galdana<\/option><option value=\"88\">Mahon Centro - Plaza Espa\u00f1a, 13<\/option><option value=\"90\">Playas de Fornells - C. comercial, Local 4.<\/option><option value=\"91\">Porto Mahon - Moll de Ponent 23<\/option><option value=\"92\">Punta Prima - Carrer Mestral n\u00ba 3<\/option><option value=\"93\">Son Bou - Milanos Ping\u00fcinos - Royal Son Bou - C. Comercial Son Bou<\/option><option value=\"94\">Son Bou - San Jaime - Torre Soli - C. Comercial San Jaime<\/option><option value=\"95\">Son Parc - Vial del Arenal 3<\/option>\t\t\t\t\t\t\t<\/select>\r\n\t\t\t\t\t\t\t<label for=\"return_location_id\" class=\"filled\">\r\n\t\t\t\t\t\t\t\tLuogo di riconsegna\t\t\t\t\t\t\t<\/label>\r\n\t\t\t\t\t\t<\/div>\r\n\t\t\t\t\t<\/div>\r\n\t\t\t\t\t<div class=\"col-xs-12 col-md-6 col-lg-3\">\r\n\t\t\t\t\t\t<div class=\"form-group\">\r\n\t\t\t\t\t\t\t<i class=\"fa fa-calendar absolute mt-4 secondary_color\"><\/i>\r\n\t\t\t\t\t\t\t<input type=\"text\" name=\"return_date\" id=\"return_date\" required\r\n\t\t\t\t\t\t\t\t   value=\"07\/05\/2026\"\r\n\t\t\t\t\t\t\t\t   placeholder=\"\"\r\n\t\t\t\t\t\t\t\t   class=\"return-date form_title ml-1 no_translate\"\r\n\t\t\t\t\t\t\t\t   readonly=\"readonly\" AUTOCOMPLETE=\"off\"\/>\r\n\t\t\t\t\t\t\t<label for=\"return_date\" class=\"filled\">\r\n\t\t\t\t\t\t\t\tData\t\t\t\t\t\t\t<\/label>\r\n\t\t\t\t\t\t<\/div>\r\n\t\t\t\t\t<\/div>\r\n\t\t\t\t\t<div class=\"col-xs-12 col-md-6 col-lg-3\">\r\n\t\t\t\t\t\t<div class=\"form-group\">\r\n\t\t\t\t\t\t\t<i class=\"fa fa-clock-o absolute mt-4 secondary_color\"><\/i>\r\n\t\t\t\t\t\t\t<select name=\"return_time\" class=\"form-control pickup-time form_title\" id=\"return_time\">\r\n\t\t\t\t\t\t\t\t<option value=\"00:00:00\">00:00<\/option><option value=\"00:30:00\">00:30<\/option><option value=\"01:00:00\">01:00<\/option><option value=\"01:30:00\">01:30<\/option><option value=\"02:00:00\">02:00<\/option><option value=\"02:30:00\">02:30<\/option><option value=\"03:00:00\">03:00<\/option><option value=\"03:30:00\">03:30<\/option><option value=\"04:00:00\">04:00<\/option><option value=\"04:30:00\">04:30<\/option><option value=\"05:00:00\">05:00<\/option><option value=\"05:30:00\">05:30<\/option><option value=\"06:00:00\">06:00<\/option><option value=\"06:30:00\">06:30<\/option><option value=\"07:00:00\">07:00<\/option><option value=\"07:30:00\">07:30<\/option><option value=\"08:00:00\">08:00<\/option><option value=\"08:30:00\">08:30<\/option><option value=\"09:00:00\">09:00<\/option><option value=\"09:30:00\">09:30<\/option><option value=\"10:00:00\" selected=\"selected\">10:00<\/option><option value=\"10:30:00\">10:30<\/option><option value=\"11:00:00\">11:00<\/option><option value=\"11:30:00\">11:30<\/option><option value=\"12:00:00\">12:00<\/option><option value=\"12:30:00\">12:30<\/option><option value=\"13:00:00\">13:00<\/option><option value=\"13:30:00\">13:30<\/option><option value=\"14:00:00\">14:00<\/option><option value=\"14:30:00\">14:30<\/option><option value=\"15:00:00\">15:00<\/option><option value=\"15:30:00\">15:30<\/option><option value=\"16:00:00\">16:00<\/option><option value=\"16:30:00\">16:30<\/option><option value=\"17:00:00\">17:00<\/option><option value=\"17:30:00\">17:30<\/option><option value=\"18:00:00\">18:00<\/option><option value=\"18:30:00\">18:30<\/option><option value=\"19:00:00\">19:00<\/option><option value=\"19:30:00\">19:30<\/option><option value=\"20:00:00\">20:00<\/option><option value=\"20:30:00\">20:30<\/option><option value=\"21:00:00\">21:00<\/option><option value=\"21:30:00\">21:30<\/option><option value=\"22:00:00\">22:00<\/option><option value=\"22:30:00\">22:30<\/option><option value=\"23:00:00\">23:00<\/option><option value=\"23:30:00\">23:30<\/option>\t\t\t\t\t\t\t<\/select>\r\n\t\t\t\t\t\t\t<label for=\"return_time\" class=\"filled\">\r\n\t\t\t\t\t\t\t\tOra\t\t\t\t\t\t\t<\/label>\r\n\t\t\t\t\t\t<\/div>\r\n\t\t\t\t\t<\/div>\r\n\t\t\t\t<\/div>\r\n\t\t\t<\/div>\r\n\t\t<\/div>\r\n\t\t<div class=\"row search-details-jd\">\r\n\t\t\t\t\t\t\t<div class=\"col-xs-12 col-sm-6 col-md-4 col-lg-3\">\r\n\t\t\t\t\t<div class=\"form-group\">\r\n\t\t\t\t\t\t<i class=\"fa fa-user absolute mt-4 secondary_color\"><\/i>\r\n\t\t\t\t\t\t<select name=\"driver_age\" class=\"form-control form_title\" id=\"driver_age\" required>\r\n\t\t\t\t\t\t\t<option value=\"\">Selezionare<\/option>\r\n\t\t\t\t\t\t\t<option value=\"20\" >18-20<\/option>\r\n\t\t\t\t\t\t\t<option value=\"21\" >21<\/option>\r\n\t\t\t\t\t\t\t<option value=\"22\" >22<\/option>\r\n\t\t\t\t\t\t\t<option value=\"23\" >23<\/option>\r\n\t\t\t\t\t\t\t<option value=\"24\" >24<\/option>\r\n\t\t\t\t\t\t\t<option value=\"25\" >25<\/option>\r\n\t\t\t\t\t\t\t<option value=\"27\" >26-27<\/option>\r\n\t\t\t\t\t\t\t<option value=\"80\" >28-80<\/option>\r\n\t\t\t\t\t\t<\/select>\r\n\t\t\t\t\t\t<label for=\"driver_age\" class=\"filled\">\r\n\t\t\t\t\t\t\tEt\u00e0 del conducente\t\t\t\t\t\t<\/label>\r\n\t\t\t\t\t<\/div>\r\n\t\t\t\t<\/div>\r\n\t\t\t\t<div class=\"col-xs-12 col-sm-6 col-md-4 col-lg-3\">\r\n\t\t\t\t\t<div class=\"form-group\">\r\n\t\t\t\t\t\t<i class=\"fa fa-ticket-alt absolute mt-4 secondary_color\"><\/i>\r\n\t\t\t\t\t\t<input type=\"text\" name=\"coupon_code\" class=\"form-control form_title pl-7\" value=\"\"\/>\r\n\t\t\t\t\t\t<label for=\"driver_age\" class=\"filled\">\r\n\t\t\t\t\t\t\tCoupon\t\t\t\t\t\t<\/label>\r\n\t\t\t\t\t<\/div>\r\n\t\t\t\t<\/div>\r\n\t\t\t\t\t\t<div class=\"col-xs-12 col-md-4 col-lg-3 float_right search-submit-js\">\r\n\t\t\t\t<input type=\"hidden\" name=\"car_rental_came_from_step1\" value=\"yes\"\/>\r\n\t\t\t\t\t\t\t\t\t<input type=\"submit\" name=\"car_rental_do_search\" value=\"Prenota\" class=\"car-rental-do-search-jd search-form-submit button\" onClick=\"ga('send', 'event', 'Car Rental', 'Click', '1. Search for all cars');\" \/>\t\t\t\t\t\t\t<\/div>\r\n\t\t<\/div>\r\n\t<\/div>\r\n<\/form>\r\n<script type=\"text\/javascript\">\r\n    var autoFocus = '1';\r\n    var locationsS2 = '';\r\n    var durationS2 = '1';\r\n    var priceType = '1';\r\n    var returnLocation = '1';\r\n    var returnDate = '1';\r\n    var NRS_SELECT_BOOKING_DATE_TEXT = 'Data:';\r\n\r\n    jQuery(document).ready(function () {\r\n        var options = {};\r\n        options.useDatePicker = '1';\r\n        options.unavailableDates = [];\r\n        options.autoFocus = autoFocus;\r\n        options.timeMode = 'regular';\r\n        options.minimumBookingPeriodInseconds = '0';\r\n        options.nrsDateFormat = 'dd\/mm\/yy';\r\n        options.firstDay = '1';\r\n        options.locationsS2 = locationsS2;\r\n        options.filtersS2 = '';\r\n        options.durationS2 = durationS2;\r\n        options.priceType = priceType;\r\n        options.returnLocation = returnLocation;\r\n        options.returnDate = returnDate;\r\n        options.minDate = '0';\r\n        options.existingBookingCodeVisible = '';\r\n        options.couponCodeRequired = '';\r\n        options.pickupLocationRequired = '1';\r\n        options.returnLocationRequired = '1';\r\n        options.pickupDateRequired = '1';\r\n        options.returnDateRequired = '1';\r\n        options.timeFormat = 'H:i';\r\n        options.NRS_SELECT_BOOKING_DATE_TEXT = NRS_SELECT_BOOKING_DATE_TEXT;\r\n        options.NRS_I_HAVE_BOOKING_CODE_TEXT = \"Ho un numero prenotazione:\";\r\n        options.NRS_COUPON_CODE_ALERT_TEXT = \"Please enter coupon code!\";\r\n        options.NRS_PICKUP_LOCATION_ALERT_TEXT = \"Per favore selezione il luogo del ritiro!\";\r\n        options.NRS_RETURN_LOCATION_ALERT_TEXT = \"Per favore selezione il luogo per la riconsegna!\";\r\n        options.NRS_PICKUP_DATE_ALERT_TEXT = \"Per favore inserisci la data di ritiro!\";\r\n        options.NRS_RETURN_DATE_ALERT_TEXT = \"Per favore inserisci la data riconsegna!\";\r\n        options.NRS_BOOKING_PERIOD_ALERT_TEXT = \"Per favore inserisci la data Check Out!\";\r\n        options.NRS_MINUTES_TEXT = \"minuti\";\r\n        options.NRS_HOURS_TEXT = \"orario\";\r\n        options.NRS_ERROR_MINIMUM_NUMBER_OF_NIGHT_SHOULD_NOT_BE_LESS_THAN_TEXT = \"Il numero minimo di notti non deve essere inferiore a\";\r\n        options.NRS_ERROR_PLEASE_MODIFY_YOUR_SEARCH_CRITERIA_TEXT = \"Si prega di modificare i criteri di ricerca.\";\r\n        step1.init(options);\r\n    });    \/\/ Customs\r\n    jQuery('.pickup-location').change(function () {\r\n        var returnLocation = jQuery('.return-location');\r\n        if (returnLocation.val() === '0') {\r\n            returnLocation.val(this.value).trigger('change');\r\n        }\r\n    });\r\n    jQuery(document).ready(function () {\r\n        jQuery('.pickup-date').on('blur', function () {\r\n            setTimeout(function () {\r\n                var pickupParts = jQuery('.pickup-date').val().split(\"\/\");\r\n                var pickupDate = new Date(pickupParts[1] + \"\/\" + pickupParts[0] + \"\/\" + pickupParts[2]);\r\n\r\n                var returnField = jQuery('.return-date');\r\n                var returnParts = returnField.val().split(\"\/\");\r\n                var returnTimestamp = new Date(returnParts[1] + \"\/\" + returnParts[0] + \"\/\" + returnParts[2]).getTime();\r\n\r\n                if (returnTimestamp <= pickupDate.getTime()) {\r\n                    var suggestedReturnTime = new Date(pickupDate.getTime() + (86400 * 3 * 1000));\r\n                    var dd = String(suggestedReturnTime.getDate()).padStart(2, '0');\r\n                    var mm = String(suggestedReturnTime.getMonth() + 1).padStart(2, '0'); \/\/January is 0!\r\n                    var yyyy = suggestedReturnTime.getFullYear();\r\n\r\n                    returnField.val(dd + '\/' + mm + '\/' + yyyy).trigger('change');\r\n                }\r\n            }, 100);\r\n        });\r\n    });\r\n<\/script><\/div>[\/vc_column][\/vc_row][vc_row equal_height=&#8221;yes&#8221; content_placement=&#8221;middle&#8221; css=&#8221;.vc_custom_1620901982309{margin-top: 32px !important;}&#8221;][vc_column width=&#8221;1\/2&#8243;][vc_single_image image=&#8221;400&#8243; img_size=&#8221;medium&#8221; alignment=&#8221;center&#8221; style=&#8221;vc_box_shadow_3d&#8221; onclick=&#8221;zoom&#8221; css=&#8221;.vc_custom_1641640777753{margin-bottom: 0px !important;}&#8221;][\/vc_column][vc_column width=&#8221;1\/2&#8243;][vc_column_text el_class=&#8221;justify&#8221;]<\/p>\r\n<h3 class=\"mt-0\">Cala Escorxada come nei Caraibi<\/h3>\r\n<p>Questa \u00e8 una baia<strong> adatto solo per i pi\u00f9 avventurosi<\/strong> , poich\u00e9 per raggiungerlo devi camminare tra i 40 minuti e 1 ora dal parcheggio. Tuttavia, sempre pi\u00f9 persone scelgono di visitare Cala Escorxada, per godersi i panorami lungo il percorso e anche per fare esercizio.<br \/>\r\nCome puoi immaginare, \u00e8 una baia totalmente vergine senza servizi di alcun tipo, ma le sue coste sono solitamente visitate da barche. A Cala Escorxada troverai<strong> un paradiso di sabbia bianca e acqua cristallina<\/strong> che sta diventando sempre pi\u00f9 popolare tra i viaggiatori.<\/p>\r\n<p class=\"text-right\"><strong><a href=\"https:\/\/www.google.com\/maps\/place\/Cala+Escorxada\/@39.9231598,3.9997187,1248m\/data=!3m1!1e3!4m5!3m4!1s0x12be1e1a8339ff37:0x56f23d209eb2ec84!8m2!3d39.9224891!4d4.0000033\" target=\"_blank\" rel=\"noopener\">Vedi la mappa satellitare qui<\/a><\/strong><\/p>\r\n<p>[\/vc_column_text][\/vc_column][\/vc_row][vc_row equal_height=&#8221;yes&#8221; content_placement=&#8221;middle&#8221; css=&#8221;.vc_custom_1620901989821{margin-top: 32px !important;}&#8221;][vc_column width=&#8221;2\/3&#8243;][vc_column_text el_class=&#8221;justify&#8221;]<\/p>\r\n<h3 class=\"mt-0\">Cala Turqueta una baia da cartolina<\/h3>\r\n<p>Una caletta nascosta nella natura, che offre panorami mozzafiato grazie ai suoi pini, alla sabbia bianca e finissima e all&#8217;azzurro del Mediterraneo. Sebbene sia una baia vergine, dispone di parcheggio, dove si possono trovare anche bagni e un bar sulla spiaggia, e ha un bagnino sulla spiaggia.<br \/>\r\nDopo aver lasciato l&#8217;auto,<strong> bisogna camminare 10 minuti per arrivare a Cala Turqueta<\/strong> . I battelli turistici di solito arrivano sulle sue rive che partono da Ciutadella e Cala Bosch, quindi a volte potrebbe essere pi\u00f9 affollato.<\/p>\r\n<p><strong><a href=\"https:\/\/www.google.com\/maps\/place\/Cala+en+Turqueta\/@39.9313497,3.9126363,755m\/data=!3m2!1e3!4b1!4m5!3m4!1s0x12be1d48dc713891:0x6ab59a423ab2504d!8m2!3d39.9310593!4d3.9148662\" target=\"_blank\" rel=\"noopener\">Vedi la mappa satellitare qui<\/a><\/strong>[\/vc_column_text][\/vc_column][vc_column width=&#8221;1\/3&#8243;][vc_single_image image=&#8221;403&#8243; img_size=&#8221;large&#8221; alignment=&#8221;center&#8221; style=&#8221;vc_box_shadow_3d&#8221; onclick=&#8221;link_image&#8221; css=&#8221;.vc_custom_1641640786986{margin-bottom: 0px !important;}&#8221;][\/vc_column][\/vc_row][vc_row css=&#8221;.vc_custom_1620898408135{margin-top: 32px !important;}&#8221;][vc_column width=&#8221;1\/3&#8243;][vc_single_image image=&#8221;399&#8243; img_size=&#8221;large&#8221; alignment=&#8221;center&#8221; style=&#8221;vc_box_shadow_3d&#8221; onclick=&#8221;link_image&#8221; css=&#8221;.vc_custom_1641640793915{margin-top: 22px !important;}&#8221;][\/vc_column][vc_column width=&#8221;2\/3&#8243;][vc_column_text el_class=&#8221;justify&#8221;]<\/p>\r\n<h3>Cala des Talaier: un piccolo paradiso<\/h3>\r\n<p>Una delle baie pi\u00f9 piccole e appartate dell&#8217;isola, con<strong> acque cos\u00ec cristalline che si riesce a vedere il fondo del mare<\/strong> . Ideale per scoprire la vita marina di Minorca! Essendo cos\u00ec piccolo, tende ad essere affollato in estate, quindi consigliamo di visitarlo al mattino.<br \/>\r\nSi pu\u00f2 lasciare la macchina nel parcheggio Son Saura, altra spiaggia molto bella della zona, e<strong> a piedi fino a Es Talaier lungo il Cam\u00ed de Cavalls<\/strong> . Questo percorso \u00e8 molto affollato per via dei suoi paesaggi e in soli 15 minuti, se trovi la scorciatoia su Google Maps, arriverai a Cala des Talaier.<\/p>\r\n<p class=\"text-right\"><strong><a href=\"https:\/\/www.google.com\/maps\/place\/Playa+des+Talaier\/@39.9261646,3.9010102,755m\/data=!3m1!1e3!4m5!3m4!1s0x0:0xc259333e809fb935!8m2!3d39.926823!4d3.9028019\" target=\"_blank\" rel=\"noopener\">Vedi la mappa satellitare qui<\/a><\/strong><\/p>\r\n<p>[\/vc_column_text][\/vc_column][\/vc_row][vc_row][vc_column][vc_column_text]<\/p>\r\n<blockquote>\r\n<h3 class=\"mb-2\">5 calette nel sud di Minorca da non perdere<\/h3>\r\n<h4 class=\"mt-0\">Scopri Minorca e le sue calette!<\/h4>\r\n<\/blockquote>\r\n<p>[\/vc_column_text][\/vc_column][\/vc_row]<\/p>\r\n<\/div>","protected":false},"excerpt":{"rendered":"Una delle maggiori attrazioni di Minorca sono le sue spiagge, con acque cristalline e i migliori paesaggi per godersi quest&#8217;isola con tutti i sensi. ","protected":false},"author":6,"featured_media":179,"comment_status":"closed","ping_status":"open","sticky":false,"template":"","format":"standard","meta":{"footnotes":""},"categories":[1,8],"tags":[],"class_list":["post-178","post","type-post","status-publish","format-standard","has-post-thumbnail","hentry","category-blog","category-cosa-vedere-a-minorca"],"_links":{"self":[{"href":"https:\/\/www.autosvalls.com\/it\/wp-json\/wp\/v2\/posts\/178","targetHints":{"allow":["GET"]}}],"collection":[{"href":"https:\/\/www.autosvalls.com\/it\/wp-json\/wp\/v2\/posts"}],"about":[{"href":"https:\/\/www.autosvalls.com\/it\/wp-json\/wp\/v2\/types\/post"}],"author":[{"embeddable":true,"href":"https:\/\/www.autosvalls.com\/it\/wp-json\/wp\/v2\/users\/6"}],"replies":[{"embeddable":true,"href":"https:\/\/www.autosvalls.com\/it\/wp-json\/wp\/v2\/comments?post=178"}],"version-history":[{"count":2,"href":"https:\/\/www.autosvalls.com\/it\/wp-json\/wp\/v2\/posts\/178\/revisions"}],"predecessor-version":[{"id":419,"href":"https:\/\/www.autosvalls.com\/it\/wp-json\/wp\/v2\/posts\/178\/revisions\/419"}],"wp:featuredmedia":[{"embeddable":true,"href":"https:\/\/www.autosvalls.com\/it\/wp-json\/wp\/v2\/media\/179"}],"wp:attachment":[{"href":"https:\/\/www.autosvalls.com\/it\/wp-json\/wp\/v2\/media?parent=178"}],"wp:term":[{"taxonomy":"category","embeddable":true,"href":"https:\/\/www.autosvalls.com\/it\/wp-json\/wp\/v2\/categories?post=178"},{"taxonomy":"post_tag","embeddable":true,"href":"https:\/\/www.autosvalls.com\/it\/wp-json\/wp\/v2\/tags?post=178"}],"curies":[{"name":"wp","href":"https:\/\/api.w.org\/{rel}","templated":true}]}}